{"id":14382,"date":"2023-02-14T09:11:48","date_gmt":"2023-02-14T09:11:48","guid":{"rendered":"https:\/\/fittingsestandar.com\/our-participation-in-ish-2023-confirmed\/"},"modified":"2023-03-03T13:01:34","modified_gmt":"2023-03-03T13:01:34","slug":"our-participation-in-ish-2023-confirmed","status":"publish","type":"post","link":"https:\/\/fittingsestandar.com\/en\/our-participation-in-ish-2023-confirmed\/","title":{"rendered":"Our participation in ISH 2023 CONFIRMED!"},"content":{"rendered":"<p>Fittings Est\u00e1ndar will participate in the <span class=\"\" style=\"font-family: Arial;\"><span class=\"\">world&#8217;s leading trade fair for HVAC + Water from 13 to 17 March 2023 in Frankfurt, Germany.<\/span><\/span><\/p>\n<p>There is no other show that focuses so much on topics with vision of the future such as preservation of resources or use of renewable energy. We, Fittings Est\u00e1ndar, share the same vision and we have to be there!<\/p>\n<p>We are looking forward to meeting you personally in our stand D87 in Hall 6.0.<\/p>\n<p><span class=\"\" style=\"font-family: Arial;\"><br class=\"\" \/><br class=\"\" \/><br class=\"\" \/><\/span><\/p>\n","protected":false},"excerpt":{"rendered":"<p>Fittings Est\u00e1ndar will participate in the world&#8217;s leading trade fair for HVAC + Water from 13 to 17 March 2023 in Frankfurt, Germany. There is no other show that focuses so much on topics with vision of the future such as preservation of resources or use of renewable energy. We, Fittings Est\u00e1ndar, share the same [&hellip;]<\/p>\n","protected":false},"author":3,"featured_media":15067,"comment_status":"closed","ping_status":"closed","sticky":false,"template":"","format":"standard","meta":{"content-type":"","footnotes":"","_links_to":"","_links_to_target":""},"categories":[340],"tags":[],"class_list":["post-14382","post","type-post","status-publish","format-standard","has-post-thumbnail","hentry","category-uncategorized"],"yoast_head":"<!-- This site is optimized with the Yoast SEO plugin v27.4 - https:\/\/yoast.com\/product\/yoast-seo-wordpress\/ -->\n<title>Our participation in ISH 2023 CONFIRMED!<\/title>\n<meta name=\"description\" content=\"Fittings Est\u00e1ndar will participate in the world&#039;s leading trade fair for HVAC + Water from 13 to 17 March 2023 in Frankfurt.\" \/>\n<meta name=\"robots\" content=\"index, follow, max-snippet:-1, max-image-preview:large, max-video-preview:-1\" \/>\n<link rel=\"canonical\" href=\"https:\/\/fittingsestandar.com\/en\/our-participation-in-ish-2023-confirmed\/\" \/>\n<meta property=\"og:locale\" content=\"en_US\" \/>\n<meta property=\"og:type\" content=\"article\" \/>\n<meta property=\"og:title\" content=\"Our participation in ISH 2023 CONFIRMED!\" \/>\n<meta property=\"og:description\" content=\"Fittings Est\u00e1ndar will participate in the world&#039;s leading trade fair for HVAC + Water from 13 to 17 March 2023 in Frankfurt.\" \/>\n<meta property=\"og:url\" content=\"https:\/\/fittingsestandar.com\/en\/our-participation-in-ish-2023-confirmed\/\" \/>\n<meta property=\"og:site_name\" content=\"Fittings Est\u00e1ndar\" \/>\n<meta property=\"article:publisher\" content=\"https:\/\/www.facebook.com\/Fittings-Est%c3%a1ndar-101409335247461\" \/>\n<meta property=\"article:published_time\" content=\"2023-02-14T09:11:48+00:00\" \/>\n<meta property=\"article:modified_time\" content=\"2023-03-03T13:01:34+00:00\" \/>\n<meta property=\"og:image\" content=\"https:\/\/fittingsestandar.com\/wp-content\/uploads\/2023\/02\/PORTADA_ISH_1-1300x867.jpg\" \/>\n\t<meta property=\"og:image:width\" content=\"1300\" \/>\n\t<meta property=\"og:image:height\" content=\"867\" \/>\n\t<meta property=\"og:image:type\" content=\"image\/jpeg\" \/>\n<meta name=\"author\" content=\"Alberto Guerrero\" \/>\n<meta name=\"twitter:card\" content=\"summary_large_image\" \/>\n<meta name=\"twitter:label1\" content=\"Written by\" \/>\n\t<meta name=\"twitter:data1\" content=\"Alberto Guerrero\" \/>\n\t<meta name=\"twitter:label2\" content=\"Est. reading time\" \/>\n\t<meta name=\"twitter:data2\" content=\"1 minute\" \/>\n<script type=\"application\/ld+json\" class=\"yoast-schema-graph\">{\"@context\":\"https:\\\/\\\/schema.org\",\"@graph\":[{\"@type\":\"Article\",\"@id\":\"https:\\\/\\\/fittingsestandar.com\\\/en\\\/our-participation-in-ish-2023-confirmed\\\/#article\",\"isPartOf\":{\"@id\":\"https:\\\/\\\/fittingsestandar.com\\\/en\\\/our-participation-in-ish-2023-confirmed\\\/\"},\"author\":{\"name\":\"Alberto Guerrero\",\"@id\":\"https:\\\/\\\/fittingsestandar.com\\\/#\\\/schema\\\/person\\\/a04a9c5a20836e5fee5de69ffde897f4\"},\"headline\":\"Our participation in ISH 2023 CONFIRMED!\",\"datePublished\":\"2023-02-14T09:11:48+00:00\",\"dateModified\":\"2023-03-03T13:01:34+00:00\",\"mainEntityOfPage\":{\"@id\":\"https:\\\/\\\/fittingsestandar.com\\\/en\\\/our-participation-in-ish-2023-confirmed\\\/\"},\"wordCount\":80,\"publisher\":{\"@id\":\"https:\\\/\\\/fittingsestandar.com\\\/#organization\"},\"image\":{\"@id\":\"https:\\\/\\\/fittingsestandar.com\\\/en\\\/our-participation-in-ish-2023-confirmed\\\/#primaryimage\"},\"thumbnailUrl\":\"https:\\\/\\\/fittingsestandar.com\\\/wp-content\\\/uploads\\\/2023\\\/02\\\/PORTADA_ISH_1.jpg\",\"inLanguage\":\"en-US\"},{\"@type\":\"WebPage\",\"@id\":\"https:\\\/\\\/fittingsestandar.com\\\/en\\\/our-participation-in-ish-2023-confirmed\\\/\",\"url\":\"https:\\\/\\\/fittingsestandar.com\\\/en\\\/our-participation-in-ish-2023-confirmed\\\/\",\"name\":\"Our participation in ISH 2023 CONFIRMED!\",\"isPartOf\":{\"@id\":\"https:\\\/\\\/fittingsestandar.com\\\/#website\"},\"primaryImageOfPage\":{\"@id\":\"https:\\\/\\\/fittingsestandar.com\\\/en\\\/our-participation-in-ish-2023-confirmed\\\/#primaryimage\"},\"image\":{\"@id\":\"https:\\\/\\\/fittingsestandar.com\\\/en\\\/our-participation-in-ish-2023-confirmed\\\/#primaryimage\"},\"thumbnailUrl\":\"https:\\\/\\\/fittingsestandar.com\\\/wp-content\\\/uploads\\\/2023\\\/02\\\/PORTADA_ISH_1.jpg\",\"datePublished\":\"2023-02-14T09:11:48+00:00\",\"dateModified\":\"2023-03-03T13:01:34+00:00\",\"description\":\"Fittings Est\u00e1ndar will participate in the world's leading trade fair for HVAC + Water from 13 to 17 March 2023 in Frankfurt.\",\"breadcrumb\":{\"@id\":\"https:\\\/\\\/fittingsestandar.com\\\/en\\\/our-participation-in-ish-2023-confirmed\\\/#breadcrumb\"},\"inLanguage\":\"en-US\",\"potentialAction\":[{\"@type\":\"ReadAction\",\"target\":[\"https:\\\/\\\/fittingsestandar.com\\\/en\\\/our-participation-in-ish-2023-confirmed\\\/\"]}]},{\"@type\":\"ImageObject\",\"inLanguage\":\"en-US\",\"@id\":\"https:\\\/\\\/fittingsestandar.com\\\/en\\\/our-participation-in-ish-2023-confirmed\\\/#primaryimage\",\"url\":\"https:\\\/\\\/fittingsestandar.com\\\/wp-content\\\/uploads\\\/2023\\\/02\\\/PORTADA_ISH_1.jpg\",\"contentUrl\":\"https:\\\/\\\/fittingsestandar.com\\\/wp-content\\\/uploads\\\/2023\\\/02\\\/PORTADA_ISH_1.jpg\",\"width\":8001,\"height\":4501},{\"@type\":\"BreadcrumbList\",\"@id\":\"https:\\\/\\\/fittingsestandar.com\\\/en\\\/our-participation-in-ish-2023-confirmed\\\/#breadcrumb\",\"itemListElement\":[{\"@type\":\"ListItem\",\"position\":1,\"name\":\"Inicio\",\"item\":\"https:\\\/\\\/fittingsestandar.com\\\/en\\\/\"},{\"@type\":\"ListItem\",\"position\":2,\"name\":\"Uncategorized\",\"item\":\"https:\\\/\\\/fittingsestandar.com\\\/category\\\/uncategorized\\\/\"},{\"@type\":\"ListItem\",\"position\":3,\"name\":\"Our participation in ISH 2023 CONFIRMED!\"}]},{\"@type\":\"WebSite\",\"@id\":\"https:\\\/\\\/fittingsestandar.com\\\/#website\",\"url\":\"https:\\\/\\\/fittingsestandar.com\\\/\",\"name\":\"Fittings Est\u00e1ndar\",\"description\":\"Fittings Est\u00e1ndar es una compa\u00f1\u00eda espa\u00f1ola l\u00edder en el dise\u00f1o y fabricaci\u00f3n de sistemas flexibles de fontaner\u00eda, calefacci\u00f3n y climatizaci\u00f3n para la instalaci\u00f3n profesional.\",\"publisher\":{\"@id\":\"https:\\\/\\\/fittingsestandar.com\\\/#organization\"},\"potentialAction\":[{\"@type\":\"SearchAction\",\"target\":{\"@type\":\"EntryPoint\",\"urlTemplate\":\"https:\\\/\\\/fittingsestandar.com\\\/?s={search_term_string}\"},\"query-input\":{\"@type\":\"PropertyValueSpecification\",\"valueRequired\":true,\"valueName\":\"search_term_string\"}}],\"inLanguage\":\"en-US\"},{\"@type\":\"Organization\",\"@id\":\"https:\\\/\\\/fittingsestandar.com\\\/#organization\",\"name\":\"Fittings Est\u00e1ndar\",\"url\":\"https:\\\/\\\/fittingsestandar.com\\\/\",\"logo\":{\"@type\":\"ImageObject\",\"inLanguage\":\"en-US\",\"@id\":\"https:\\\/\\\/fittingsestandar.com\\\/#\\\/schema\\\/logo\\\/image\\\/\",\"url\":\"https:\\\/\\\/fittingsestandar.com\\\/wp-content\\\/uploads\\\/2021\\\/05\\\/Logotipo_Color-01.jpg\",\"contentUrl\":\"https:\\\/\\\/fittingsestandar.com\\\/wp-content\\\/uploads\\\/2021\\\/05\\\/Logotipo_Color-01.jpg\",\"width\":3544,\"height\":3545,\"caption\":\"Fittings Est\u00e1ndar\"},\"image\":{\"@id\":\"https:\\\/\\\/fittingsestandar.com\\\/#\\\/schema\\\/logo\\\/image\\\/\"},\"sameAs\":[\"https:\\\/\\\/www.facebook.com\\\/Fittings-Est\u00e1ndar-101409335247461\",\"https:\\\/\\\/www.instagram.com\\\/fittingsestandar\\\/\",\"https:\\\/\\\/www.linkedin.com\\\/company\\\/fittings-estandar\"]},{\"@type\":\"Person\",\"@id\":\"https:\\\/\\\/fittingsestandar.com\\\/#\\\/schema\\\/person\\\/a04a9c5a20836e5fee5de69ffde897f4\",\"name\":\"Alberto Guerrero\",\"image\":{\"@type\":\"ImageObject\",\"inLanguage\":\"en-US\",\"@id\":\"https:\\\/\\\/secure.gravatar.com\\\/avatar\\\/9525090a03b51cbd02a41042be7cc45c07c4543f417360c7d020befcbc75716d?s=96&d=mm&r=g\",\"url\":\"https:\\\/\\\/secure.gravatar.com\\\/avatar\\\/9525090a03b51cbd02a41042be7cc45c07c4543f417360c7d020befcbc75716d?s=96&d=mm&r=g\",\"contentUrl\":\"https:\\\/\\\/secure.gravatar.com\\\/avatar\\\/9525090a03b51cbd02a41042be7cc45c07c4543f417360c7d020befcbc75716d?s=96&d=mm&r=g\",\"caption\":\"Alberto Guerrero\"},\"url\":\"https:\\\/\\\/fittingsestandar.com\\\/en\\\/author\\\/alberto-guerrero\\\/\"}]}<\/script>\n<!-- \/ Yoast SEO plugin. -->","yoast_head_json":{"title":"Our participation in ISH 2023 CONFIRMED!","description":"Fittings Est\u00e1ndar will participate in the world's leading trade fair for HVAC + Water from 13 to 17 March 2023 in Frankfurt.","robots":{"index":"index","follow":"follow","max-snippet":"max-snippet:-1","max-image-preview":"max-image-preview:large","max-video-preview":"max-video-preview:-1"},"canonical":"https:\/\/fittingsestandar.com\/en\/our-participation-in-ish-2023-confirmed\/","og_locale":"en_US","og_type":"article","og_title":"Our participation in ISH 2023 CONFIRMED!","og_description":"Fittings Est\u00e1ndar will participate in the world's leading trade fair for HVAC + Water from 13 to 17 March 2023 in Frankfurt.","og_url":"https:\/\/fittingsestandar.com\/en\/our-participation-in-ish-2023-confirmed\/","og_site_name":"Fittings Est\u00e1ndar","article_publisher":"https:\/\/www.facebook.com\/Fittings-Est%c3%a1ndar-101409335247461","article_published_time":"2023-02-14T09:11:48+00:00","article_modified_time":"2023-03-03T13:01:34+00:00","og_image":[{"width":1300,"height":867,"url":"https:\/\/fittingsestandar.com\/wp-content\/uploads\/2023\/02\/PORTADA_ISH_1-1300x867.jpg","type":"image\/jpeg"}],"author":"Alberto Guerrero","twitter_card":"summary_large_image","twitter_misc":{"Written by":"Alberto Guerrero","Est. reading time":"1 minute"},"schema":{"@context":"https:\/\/schema.org","@graph":[{"@type":"Article","@id":"https:\/\/fittingsestandar.com\/en\/our-participation-in-ish-2023-confirmed\/#article","isPartOf":{"@id":"https:\/\/fittingsestandar.com\/en\/our-participation-in-ish-2023-confirmed\/"},"author":{"name":"Alberto Guerrero","@id":"https:\/\/fittingsestandar.com\/#\/schema\/person\/a04a9c5a20836e5fee5de69ffde897f4"},"headline":"Our participation in ISH 2023 CONFIRMED!","datePublished":"2023-02-14T09:11:48+00:00","dateModified":"2023-03-03T13:01:34+00:00","mainEntityOfPage":{"@id":"https:\/\/fittingsestandar.com\/en\/our-participation-in-ish-2023-confirmed\/"},"wordCount":80,"publisher":{"@id":"https:\/\/fittingsestandar.com\/#organization"},"image":{"@id":"https:\/\/fittingsestandar.com\/en\/our-participation-in-ish-2023-confirmed\/#primaryimage"},"thumbnailUrl":"https:\/\/fittingsestandar.com\/wp-content\/uploads\/2023\/02\/PORTADA_ISH_1.jpg","inLanguage":"en-US"},{"@type":"WebPage","@id":"https:\/\/fittingsestandar.com\/en\/our-participation-in-ish-2023-confirmed\/","url":"https:\/\/fittingsestandar.com\/en\/our-participation-in-ish-2023-confirmed\/","name":"Our participation in ISH 2023 CONFIRMED!","isPartOf":{"@id":"https:\/\/fittingsestandar.com\/#website"},"primaryImageOfPage":{"@id":"https:\/\/fittingsestandar.com\/en\/our-participation-in-ish-2023-confirmed\/#primaryimage"},"image":{"@id":"https:\/\/fittingsestandar.com\/en\/our-participation-in-ish-2023-confirmed\/#primaryimage"},"thumbnailUrl":"https:\/\/fittingsestandar.com\/wp-content\/uploads\/2023\/02\/PORTADA_ISH_1.jpg","datePublished":"2023-02-14T09:11:48+00:00","dateModified":"2023-03-03T13:01:34+00:00","description":"Fittings Est\u00e1ndar will participate in the world's leading trade fair for HVAC + Water from 13 to 17 March 2023 in Frankfurt.","breadcrumb":{"@id":"https:\/\/fittingsestandar.com\/en\/our-participation-in-ish-2023-confirmed\/#breadcrumb"},"inLanguage":"en-US","potentialAction":[{"@type":"ReadAction","target":["https:\/\/fittingsestandar.com\/en\/our-participation-in-ish-2023-confirmed\/"]}]},{"@type":"ImageObject","inLanguage":"en-US","@id":"https:\/\/fittingsestandar.com\/en\/our-participation-in-ish-2023-confirmed\/#primaryimage","url":"https:\/\/fittingsestandar.com\/wp-content\/uploads\/2023\/02\/PORTADA_ISH_1.jpg","contentUrl":"https:\/\/fittingsestandar.com\/wp-content\/uploads\/2023\/02\/PORTADA_ISH_1.jpg","width":8001,"height":4501},{"@type":"BreadcrumbList","@id":"https:\/\/fittingsestandar.com\/en\/our-participation-in-ish-2023-confirmed\/#breadcrumb","itemListElement":[{"@type":"ListItem","position":1,"name":"Inicio","item":"https:\/\/fittingsestandar.com\/en\/"},{"@type":"ListItem","position":2,"name":"Uncategorized","item":"https:\/\/fittingsestandar.com\/category\/uncategorized\/"},{"@type":"ListItem","position":3,"name":"Our participation in ISH 2023 CONFIRMED!"}]},{"@type":"WebSite","@id":"https:\/\/fittingsestandar.com\/#website","url":"https:\/\/fittingsestandar.com\/","name":"Fittings Est\u00e1ndar","description":"Fittings Est\u00e1ndar es una compa\u00f1\u00eda espa\u00f1ola l\u00edder en el dise\u00f1o y fabricaci\u00f3n de sistemas flexibles de fontaner\u00eda, calefacci\u00f3n y climatizaci\u00f3n para la instalaci\u00f3n profesional.","publisher":{"@id":"https:\/\/fittingsestandar.com\/#organization"},"potentialAction":[{"@type":"SearchAction","target":{"@type":"EntryPoint","urlTemplate":"https:\/\/fittingsestandar.com\/?s={search_term_string}"},"query-input":{"@type":"PropertyValueSpecification","valueRequired":true,"valueName":"search_term_string"}}],"inLanguage":"en-US"},{"@type":"Organization","@id":"https:\/\/fittingsestandar.com\/#organization","name":"Fittings Est\u00e1ndar","url":"https:\/\/fittingsestandar.com\/","logo":{"@type":"ImageObject","inLanguage":"en-US","@id":"https:\/\/fittingsestandar.com\/#\/schema\/logo\/image\/","url":"https:\/\/fittingsestandar.com\/wp-content\/uploads\/2021\/05\/Logotipo_Color-01.jpg","contentUrl":"https:\/\/fittingsestandar.com\/wp-content\/uploads\/2021\/05\/Logotipo_Color-01.jpg","width":3544,"height":3545,"caption":"Fittings Est\u00e1ndar"},"image":{"@id":"https:\/\/fittingsestandar.com\/#\/schema\/logo\/image\/"},"sameAs":["https:\/\/www.facebook.com\/Fittings-Est\u00e1ndar-101409335247461","https:\/\/www.instagram.com\/fittingsestandar\/","https:\/\/www.linkedin.com\/company\/fittings-estandar"]},{"@type":"Person","@id":"https:\/\/fittingsestandar.com\/#\/schema\/person\/a04a9c5a20836e5fee5de69ffde897f4","name":"Alberto Guerrero","image":{"@type":"ImageObject","inLanguage":"en-US","@id":"https:\/\/secure.gravatar.com\/avatar\/9525090a03b51cbd02a41042be7cc45c07c4543f417360c7d020befcbc75716d?s=96&d=mm&r=g","url":"https:\/\/secure.gravatar.com\/avatar\/9525090a03b51cbd02a41042be7cc45c07c4543f417360c7d020befcbc75716d?s=96&d=mm&r=g","contentUrl":"https:\/\/secure.gravatar.com\/avatar\/9525090a03b51cbd02a41042be7cc45c07c4543f417360c7d020befcbc75716d?s=96&d=mm&r=g","caption":"Alberto Guerrero"},"url":"https:\/\/fittingsestandar.com\/en\/author\/alberto-guerrero\/"}]}},"_links":{"self":[{"href":"https:\/\/fittingsestandar.com\/en\/wp-json\/wp\/v2\/posts\/14382","targetHints":{"allow":["GET"]}}],"collection":[{"href":"https:\/\/fittingsestandar.com\/en\/wp-json\/wp\/v2\/posts"}],"about":[{"href":"https:\/\/fittingsestandar.com\/en\/wp-json\/wp\/v2\/types\/post"}],"author":[{"embeddable":true,"href":"https:\/\/fittingsestandar.com\/en\/wp-json\/wp\/v2\/users\/3"}],"replies":[{"embeddable":true,"href":"https:\/\/fittingsestandar.com\/en\/wp-json\/wp\/v2\/comments?post=14382"}],"version-history":[{"count":5,"href":"https:\/\/fittingsestandar.com\/en\/wp-json\/wp\/v2\/posts\/14382\/revisions"}],"predecessor-version":[{"id":15069,"href":"https:\/\/fittingsestandar.com\/en\/wp-json\/wp\/v2\/posts\/14382\/revisions\/15069"}],"wp:featuredmedia":[{"embeddable":true,"href":"https:\/\/fittingsestandar.com\/en\/wp-json\/wp\/v2\/media\/15067"}],"wp:attachment":[{"href":"https:\/\/fittingsestandar.com\/en\/wp-json\/wp\/v2\/media?parent=14382"}],"wp:term":[{"taxonomy":"category","embeddable":true,"href":"https:\/\/fittingsestandar.com\/en\/wp-json\/wp\/v2\/categories?post=14382"},{"taxonomy":"post_tag","embeddable":true,"href":"https:\/\/fittingsestandar.com\/en\/wp-json\/wp\/v2\/tags?post=14382"}],"curies":[{"name":"wp","href":"https:\/\/api.w.org\/{rel}","templated":true}]}}